{"id":699,"date":"2022-04-07T09:58:32","date_gmt":"2022-04-07T07:58:32","guid":{"rendered":"https:\/\/coolstorybro.fr\/?p=699"},"modified":"2022-04-07T09:58:33","modified_gmt":"2022-04-07T07:58:33","slug":"a-nos-camarades-csp-qui-hesitent-a-voter-blanc-ou-a-sabstenir-aux-presidentielles","status":"publish","type":"post","link":"https:\/\/coolstorybro.fr\/en\/a-nos-camarades-csp-qui-hesitent-a-voter-blanc-ou-a-sabstenir-aux-presidentielles\/","title":{"rendered":"A nos camarades CSP+ qui h\u00e9sitent \u00e0 voter blanc ou \u00e0 s&#8217;abstenir aux pr\u00e9sidentielles"},"content":{"rendered":"<p>Quoi que nous fassions, que nous le voulions ou non, que nous participions au vote ou non, que nous estimions l&#8217;issue de ce scrutin l\u00e9gitime ou non, une personne sera \u00e9lue \u00e0 la Pr\u00e9sidence de la R\u00e9publique le 24 avril. Et cette personne aura entre les mains tous les pouvoirs que lui donne la cinqui\u00e8me r\u00e9publique et agira sans tenir compte de l&#8217;ill\u00e9gitimit\u00e9 apport\u00e9e par un taux de participation bas. Parce que nous croyons en la pertinence de la reconnaissance du vote blanc et que nous trouvons que le syst\u00e8me \u00e9lectoral actuel ne permet pas une juste repr\u00e9sentation de l&#8217;ensemble des citoyens et citoyennes fran\u00e7aises, nous sommes tent\u00e9\u00b7es de participer \u00e0 un vote blanc massif qui enl\u00e8verait de la l\u00e9gitimit\u00e9 \u00e0 ce syst\u00e8me. <\/p>\n\n\n\n<p>D&#8217;un point de vue strictement individuel, nous pouvons nous permettre de voir Macron r\u00e9\u00e9lu ou de voir arriver l&#8217;extr\u00eame-droite au pouvoir : en tant que cadres, nous avons des emplois stables suffisamment bien r\u00e9mun\u00e9r\u00e9s. Valides, nous sommes en bonne sant\u00e9 et nous avons un mode de vie qui nous permet d&#8217;esp\u00e9rer le rester. Blanc\u00b7hes, nous ne sommes pas menac\u00e9\u00b7es par les forces de l&#8217;ordre au quotidien. Ath\u00e9\u00b7es et chr\u00e9tien, nous ne sommes pas stigmatis\u00e9\u00b7es pour nos croyances. H\u00e9t\u00e9ro, nos couples ne sont pas remis en question. Sans enfant, nous pourrions m\u00eame nous permettre de ne pas nous soucier de la crise \u00e9cologique en cours. Bref, notre confort et notre quotidien peuvent \u00eatre peu impact\u00e9s par la personne qui sera au pouvoir durant ces cinq prochaines ann\u00e9es. Tout le monde n&#8217;a pas ce privil\u00e8ge. <\/p>\n\n\n\n<p>Ce n&#8217;est pas le cas par exemple des m\u00e8res c\u00e9libataires au RSA qui vont devoir travailler pour obtenir des aides d\u00e9j\u00e0 insuffisantes ; des travailleuses et travailleurs uberis\u00e9s de plus en plus nombreux et priv\u00e9s de protection sociale ; des femmes musulmanes auxquelles on limite l&#8217;acc\u00e8s \u00e0 l&#8217;espace public au nom d&#8217;une la\u00efcit\u00e9 d\u00e9voy\u00e9e ; des \u00e9tudiant\u00b7es qui, apr\u00e8s avoir subi le stress de ParcourSup, devront faire face \u00e0 l&#8217;augmentation des frais de scolarit\u00e9, travailler \u00e0 c\u00f4t\u00e9 de leurs \u00e9tudes et faire la queue \u00e0 l&#8217;aide alimentaire tout en se voyant reprocher des r\u00e9sultats insuffisants ; des personnes transgenres dont la simple expression de l&#8217;identit\u00e9 entra\u00eene menaces et violence ; des personnes racis\u00e9es vivant dans un syst\u00e8me qui refuse de reconna\u00eetre qu&#8217;il les discrimine ; des personnes vivant dans des campagnes qui sont vid\u00e9es de leurs services publics ; des fonctionnaires auxquel\u00b7les on demande toujours plus sans donner plus de moyens et qui assistent, impuissant\u00b7es, au d\u00e9tricotage de la fonction publique ; de fa\u00e7on g\u00e9n\u00e9rale, de toutes les personnes \u00e0 l&#8217;\u00e9gard desquel\u00b7les les discours de haine et d&#8217;encensement du sacro-saint \u00ab m\u00e9rite \u00bb justifient des violences. <\/p>\n\n\n\n<p>En outre, le dernier rapport du GIEC pointe le fait qu&#8217;un changement drastique doit \u00eatre op\u00e9r\u00e9 dans les politiques \u00e9cologiques et qu&#8217;il reste 3 ans \u00e0 l&#8217;humanit\u00e9 pour op\u00e9rer ce virage, apr\u00e8s quoi il sera trop tard pour \u00e9viter des cons\u00e9quences catastrophiques qui nous toucheront tou\u00b7tes, sans discrimination de couleur de peau ou de classe sociale. Les analyses faites par diverses structures (Greenpeace, Shifters, R\u00e9seau Action Climat, France Nature Environnement) sont concordantes : seuls deux candidats ont un programme potentiellement \u00e0 la hauteur des enjeux : Jean-Luc M\u00e9lenchon et Yannick Jadot. De ces deux-l\u00e0, un seul a un programme qui soit \u00e9galement radical quant aux enjeux sociaux actuels et un seul a une chance d&#8217;acc\u00e9der au second tour. <\/p>\n\n\n\n<p>Le 24 avril une personne sera \u00e9lue \u00e0 la Pr\u00e9sidence de la R\u00e9publique. Nous sommes trop cyniques pour croire qu&#8217;un vote blanc massif d\u00e9l\u00e9gitimisera l&#8217;\u00e9lection aux yeux de celles et ceux qui seront au pouvoir. Il y a urgence \u00e0 changer ce syst\u00e8me hyper pr\u00e9sidentiel, et une seule candidature propose d&#8217;avoir une r\u00e9flexion collective sur ce que nous souhaitons ensuite, via une constituante. Oui, cette candidature est imparfaite, des \u00e9l\u00e9ments du programme et l&#8217;attitude de celui qui la porte sont questionnables. Mais la seule candidature qui permet de changer de syst\u00e8me de vote, c&#8217;est celle de l&#8217;Union Populaire et de Jean-Luc M\u00e9lenchon.<\/p>\n\n\n\n<p><em>Texte co-\u00e9crit par Livia, Thibaut et Simon<\/em><\/p>","protected":false},"excerpt":{"rendered":"<p>Quoi que nous fassions, que nous le voulions ou non, que nous participions au vote ou non, que nous estimions l&#8217;issue de ce scrutin l\u00e9gitime ou non, une personne sera&hellip;<\/p>","protected":false},"author":1,"featured_media":700,"comment_status":"open","ping_status":"open","sticky":false,"template":"","format":"standard","meta":[],"categories":[1],"tags":[18],"yoast_head":"<!-- This site is optimized with the Yoast SEO plugin v16.4 - https:\/\/yoast.com\/wordpress\/plugins\/seo\/ -->\n<title>Blog Thibaut Ehlinger - A nos camarades CSP+ qui h\u00e9sitent \u00e0 voter blanc ou \u00e0 s&#039;abstenir aux pr\u00e9sidentielles<\/title>\n<meta name=\"description\" content=\"A nos camarades CSP+ qui h\u00e9sitent \u00e0 voter blanc ou \u00e0 s&#039;abstenir aux pr\u00e9sidentielles - By Thibaut Ehlinger\" \/>\n<meta name=\"robots\" content=\"index, follow, max-snippet:-1, max-image-preview:large, max-video-preview:-1\" \/>\n<link rel=\"canonical\" href=\"https:\/\/coolstorybro.fr\/en\/a-nos-camarades-csp-qui-hesitent-a-voter-blanc-ou-a-sabstenir-aux-presidentielles\/\" \/>\n<meta property=\"og:locale\" content=\"en_US\" \/>\n<meta property=\"og:type\" content=\"article\" \/>\n<meta property=\"og:title\" content=\"Blog Thibaut Ehlinger - A nos camarades CSP+ qui h\u00e9sitent \u00e0 voter blanc ou \u00e0 s&#039;abstenir aux pr\u00e9sidentielles\" \/>\n<meta property=\"og:description\" content=\"A nos camarades CSP+ qui h\u00e9sitent \u00e0 voter blanc ou \u00e0 s&#039;abstenir aux pr\u00e9sidentielles - By Thibaut Ehlinger\" \/>\n<meta property=\"og:url\" content=\"https:\/\/coolstorybro.fr\/en\/a-nos-camarades-csp-qui-hesitent-a-voter-blanc-ou-a-sabstenir-aux-presidentielles\/\" \/>\n<meta property=\"og:site_name\" content=\"Coolstorybro\" \/>\n<meta property=\"article:publisher\" content=\"https:\/\/www.facebook.com\/thibaut.ehlinger\" \/>\n<meta property=\"article:published_time\" content=\"2022-04-07T07:58:32+00:00\" \/>\n<meta property=\"article:modified_time\" content=\"2022-04-07T07:58:33+00:00\" \/>\n<meta property=\"og:image\" content=\"https:\/\/coolstorybro.fr\/wp-content\/uploads\/2022\/04\/vote.jpg\" \/>\n\t<meta property=\"og:image:width\" content=\"1423\" \/>\n\t<meta property=\"og:image:height\" content=\"763\" \/>\n<meta name=\"twitter:card\" content=\"summary_large_image\" \/>\n<meta name=\"twitter:label1\" content=\"Est. reading time\" \/>\n\t<meta name=\"twitter:data1\" content=\"3 minutes\" \/>\n<script type=\"application\/ld+json\" class=\"yoast-schema-graph\">{\"@context\":\"https:\/\/schema.org\",\"@graph\":[{\"@type\":\"WebSite\",\"@id\":\"https:\/\/coolstorybro.fr\/#website\",\"url\":\"https:\/\/coolstorybro.fr\/\",\"name\":\"Coolstorybro\",\"description\":\"Blog de Thibaut Ehlinger\",\"potentialAction\":[{\"@type\":\"SearchAction\",\"target\":\"https:\/\/coolstorybro.fr\/?s={search_term_string}\",\"query-input\":\"required name=search_term_string\"}],\"inLanguage\":\"en-US\"},{\"@type\":\"ImageObject\",\"@id\":\"https:\/\/coolstorybro.fr\/a-nos-camarades-csp-qui-hesitent-a-voter-blanc-ou-a-sabstenir-aux-presidentielles\/#primaryimage\",\"inLanguage\":\"en-US\",\"url\":\"https:\/\/coolstorybro.fr\/wp-content\/uploads\/2022\/04\/vote.jpg\",\"contentUrl\":\"https:\/\/coolstorybro.fr\/wp-content\/uploads\/2022\/04\/vote.jpg\",\"width\":1423,\"height\":763},{\"@type\":\"WebPage\",\"@id\":\"https:\/\/coolstorybro.fr\/a-nos-camarades-csp-qui-hesitent-a-voter-blanc-ou-a-sabstenir-aux-presidentielles\/#webpage\",\"url\":\"https:\/\/coolstorybro.fr\/a-nos-camarades-csp-qui-hesitent-a-voter-blanc-ou-a-sabstenir-aux-presidentielles\/\",\"name\":\"Blog Thibaut Ehlinger - A nos camarades CSP+ qui h\\u00e9sitent \\u00e0 voter blanc ou \\u00e0 s'abstenir aux pr\\u00e9sidentielles\",\"isPartOf\":{\"@id\":\"https:\/\/coolstorybro.fr\/#website\"},\"primaryImageOfPage\":{\"@id\":\"https:\/\/coolstorybro.fr\/a-nos-camarades-csp-qui-hesitent-a-voter-blanc-ou-a-sabstenir-aux-presidentielles\/#primaryimage\"},\"datePublished\":\"2022-04-07T07:58:32+00:00\",\"dateModified\":\"2022-04-07T07:58:33+00:00\",\"author\":{\"@id\":\"https:\/\/coolstorybro.fr\/#\/schema\/person\/d078ad945870f2cf72caf21e8f8c411d\"},\"description\":\"A nos camarades CSP+ qui h\\u00e9sitent \\u00e0 voter blanc ou \\u00e0 s'abstenir aux pr\\u00e9sidentielles - By Thibaut Ehlinger\",\"breadcrumb\":{\"@id\":\"https:\/\/coolstorybro.fr\/a-nos-camarades-csp-qui-hesitent-a-voter-blanc-ou-a-sabstenir-aux-presidentielles\/#breadcrumb\"},\"inLanguage\":\"en-US\",\"potentialAction\":[{\"@type\":\"ReadAction\",\"target\":[\"https:\/\/coolstorybro.fr\/a-nos-camarades-csp-qui-hesitent-a-voter-blanc-ou-a-sabstenir-aux-presidentielles\/\"]}]},{\"@type\":\"BreadcrumbList\",\"@id\":\"https:\/\/coolstorybro.fr\/a-nos-camarades-csp-qui-hesitent-a-voter-blanc-ou-a-sabstenir-aux-presidentielles\/#breadcrumb\",\"itemListElement\":[{\"@type\":\"ListItem\",\"position\":1,\"item\":{\"@type\":\"WebPage\",\"@id\":\"https:\/\/coolstorybro.fr\/\",\"url\":\"https:\/\/coolstorybro.fr\/\",\"name\":\"Home\"}},{\"@type\":\"ListItem\",\"position\":2,\"item\":{\"@id\":\"https:\/\/coolstorybro.fr\/a-nos-camarades-csp-qui-hesitent-a-voter-blanc-ou-a-sabstenir-aux-presidentielles\/#webpage\"}}]},{\"@type\":\"Person\",\"@id\":\"https:\/\/coolstorybro.fr\/#\/schema\/person\/d078ad945870f2cf72caf21e8f8c411d\",\"name\":\"Thibaut Ehlinger\",\"image\":{\"@type\":\"ImageObject\",\"@id\":\"https:\/\/coolstorybro.fr\/#personlogo\",\"inLanguage\":\"en-US\",\"url\":\"https:\/\/secure.gravatar.com\/avatar\/1a75d3334130cbe9edc67a221ef4c182?s=96&d=mm&r=g\",\"contentUrl\":\"https:\/\/secure.gravatar.com\/avatar\/1a75d3334130cbe9edc67a221ef4c182?s=96&d=mm&r=g\",\"caption\":\"Thibaut Ehlinger\"}}]}<\/script>\n<!-- \/ Yoast SEO plugin. -->","_links":{"self":[{"href":"https:\/\/coolstorybro.fr\/en\/wp-json\/wp\/v2\/posts\/699"}],"collection":[{"href":"https:\/\/coolstorybro.fr\/en\/wp-json\/wp\/v2\/posts"}],"about":[{"href":"https:\/\/coolstorybro.fr\/en\/wp-json\/wp\/v2\/types\/post"}],"author":[{"embeddable":true,"href":"https:\/\/coolstorybro.fr\/en\/wp-json\/wp\/v2\/users\/1"}],"replies":[{"embeddable":true,"href":"https:\/\/coolstorybro.fr\/en\/wp-json\/wp\/v2\/comments?post=699"}],"version-history":[{"count":1,"href":"https:\/\/coolstorybro.fr\/en\/wp-json\/wp\/v2\/posts\/699\/revisions"}],"predecessor-version":[{"id":701,"href":"https:\/\/coolstorybro.fr\/en\/wp-json\/wp\/v2\/posts\/699\/revisions\/701"}],"wp:featuredmedia":[{"embeddable":true,"href":"https:\/\/coolstorybro.fr\/en\/wp-json\/wp\/v2\/media\/700"}],"wp:attachment":[{"href":"https:\/\/coolstorybro.fr\/en\/wp-json\/wp\/v2\/media?parent=699"}],"wp:term":[{"taxonomy":"category","embeddable":true,"href":"https:\/\/coolstorybro.fr\/en\/wp-json\/wp\/v2\/categories?post=699"},{"taxonomy":"post_tag","embeddable":true,"href":"https:\/\/coolstorybro.fr\/en\/wp-json\/wp\/v2\/tags?post=699"}],"curies":[{"name":"wp","href":"https:\/\/api.w.org\/{rel}","templated":true}]}}